{"id":1168,"date":"2025-01-14T09:06:27","date_gmt":"2025-01-14T12:06:27","guid":{"rendered":"https:\/\/merx.app.br\/blog\/?p=1168"},"modified":"2025-03-12T11:14:51","modified_gmt":"2025-03-12T14:14:51","slug":"comunicacao-interna","status":"publish","type":"post","link":"https:\/\/merx.app.br\/blog\/comunicacao-interna\/","title":{"rendered":"Comunica\u00e7\u00e3o interna: o que \u00e9, 11 exemplos e como aplicar"},"content":{"rendered":"\n<p>A comunica\u00e7\u00e3o interna \u00e9 como o motor de um carro. Voc\u00ea pode ter um modelo incr\u00edvel, mas, sem funcionar, ele n\u00e3o sai do lugar.<\/p>\n\n\n\n<p>Por isso, entender como ela funciona e quais ferramentas podem te ajudar a aplic\u00e1-la no dia a dia \u00e9 essencial.<\/p>\n\n\n\n<p>Afinal, cada empresa tem seu jeito \u00fanico de trabalhar, mas alguns pontos s\u00e3o universais, como engajar a equipe, reduzir ru\u00eddos e alinhar todos na mesma dire\u00e7\u00e3o.<\/p>\n\n\n\n<h2 class=\"wp-block-heading\">O que \u00e9 comunica\u00e7\u00e3o interna?<\/h2>\n\n\n\n<p>A comunica\u00e7\u00e3o interna \u00e9, basicamente, a forma como os representantes de uma empresa conversam com quem trabalha nela.<\/p>\n\n\n\n<p>\u00c9 por meio da comunica\u00e7\u00e3o interna que os funcion\u00e1rios ficam por dentro das novidades, dos objetivos da empresa e at\u00e9 do que precisa melhorar. Ou seja, \u00e9 uma <strong>ponte entre a lideran\u00e7a e os colaboradores<\/strong>.<\/p>\n\n\n\n<p>No entanto, comunica\u00e7\u00e3o interna n\u00e3o \u00e9 somente sobre falar, mas tamb\u00e9m ouvir, ou seja, n\u00e3o \u00e9 produtivo apenas enviar ordens e nunca perguntar a opini\u00e3o dos funcion\u00e1rios.<\/p>\n\n\n\n<p>Isso afasta as pessoas, gera insatisfa\u00e7\u00e3o e pode at\u00e9 levar \u00e0 sa\u00edda de colaboradores. Por isso, uma boa comunica\u00e7\u00e3o interna \u00e9 uma via de m\u00e3o dupla: todo mundo participa, d\u00e1 ideias para uma constru\u00e7\u00e3o em conjunto.<\/p>\n\n\n\n<h2 class=\"wp-block-heading\">Quem faz a comunica\u00e7\u00e3o interna?<\/h2>\n\n\n\n<p>Essa \u00e9 uma pergunta que n\u00e3o tem uma resposta t\u00e3o \u00f3bvia quanto parece. Sim, existe um setor ou profissional que costuma assumir essa fun\u00e7\u00e3o, mas a verdade \u00e9 que a comunica\u00e7\u00e3o interna \u00e9 responsabilidade de todos.&nbsp;<\/p>\n\n\n\n<h3 class=\"wp-block-heading\">O papel do RH<\/h3>\n\n\n\n<p>O time de Recursos Humanos \u00e9 um dos maiores protagonistas da comunica\u00e7\u00e3o interna. Ele \u00e9 respons\u00e1vel por criar estrat\u00e9gias, organizar informa\u00e7\u00f5es e garantir que todos estejam alinhados.<\/p>\n\n\n\n<h3 class=\"wp-block-heading\">A lideran\u00e7a da empresa<\/h3>\n\n\n\n<p>Os l\u00edderes, gestores e chefes de equipe tamb\u00e9m t\u00eam um papel fundamental. Eles s\u00e3o o elo entre as decis\u00f5es estrat\u00e9gicas e os colaboradores.<\/p>\n\n\n\n<p>Por isso, um bom l\u00edder precisa saber comunicar objetivos, metas e mudan\u00e7as.&nbsp;<\/p>\n\n\n\n<h3 class=\"wp-block-heading\">O time de comunica\u00e7\u00e3o ou marketing<\/h3>\n\n\n\n<p>Se sua empresa tem um setor de comunica\u00e7\u00e3o ou marketing, ele provavelmente vai estar envolvido na cria\u00e7\u00e3o de materiais internos.<\/p>\n\n\n\n<p>Esse time pode produzir v\u00eddeos, e-mails e at\u00e9 materiais gr\u00e1ficos para facilitar o acesso \u00e0s informa\u00e7\u00f5es.<\/p>\n\n\n\n<h3 class=\"wp-block-heading\">Os colaboradores<\/h3>\n\n\n\n<p>Agora, aqui vai uma informa\u00e7\u00e3o importante: a comunica\u00e7\u00e3o interna s\u00f3 funciona bem quando cada colaborador faz sua parte.<\/p>\n\n\n\n<p>Isso significa que todos precisam trocar informa\u00e7\u00f5es de forma clara e respeitosa, evitando ru\u00eddos.<\/p>\n\n\n\n<h3 class=\"wp-block-heading\">A import\u00e2ncia de ter um respons\u00e1vel central<\/h3>\n\n\n\n<p>Mesmo que a comunica\u00e7\u00e3o interna dependa de v\u00e1rias pessoas, ter um respons\u00e1vel central ajuda bastante.&nbsp;<\/p>\n\n\n\n<p>Pode ser um gerente de comunica\u00e7\u00e3o, um analista de RH ou at\u00e9 algu\u00e9m do time de lideran\u00e7a. Essa pessoa vai organizar as iniciativas, acompanhar os resultados e ajustar o que for necess\u00e1rio.<\/p>\n\n\n\n<h2 class=\"wp-block-heading\">Quais os objetivos da comunica\u00e7\u00e3o interna?<\/h2>\n\n\n\n<p>Os principais objetivos da comunica\u00e7\u00e3o interna s\u00e3o:<\/p>\n\n\n\n<h3 class=\"wp-block-heading\">Engajamento<\/h3>\n\n\n\n<p>Quando voc\u00ea tem acesso \u00e0s informa\u00e7\u00f5es certas, no momento certo, fica muito mais f\u00e1cil se sentir motivado e parte da equipe.&nbsp;<\/p>\n\n\n\n<p>Al\u00e9m disso, campanhas internas tamb\u00e9m ajudam no engajamento com os colaboradores. Pode ser algo simples, como premiar as melhores ideias ou destacar colaboradores que se destacaram em um projeto.<\/p>\n\n\n\n<p>O importante \u00e9 criar um espa\u00e7o onde as pessoas se sintam valorizadas.<\/p>\n\n\n\n<h3 class=\"wp-block-heading\">Espa\u00e7o para di\u00e1logo<\/h3>\n\n\n\n<p>Outro objetivo crucial \u00e9 criar canais onde todos possam expressar suas opini\u00f5es, pois a comunica\u00e7\u00e3o interna \u00e9 uma conversa.<\/p>\n\n\n\n<p>Quando voc\u00ea tem d\u00favidas ou ideias, precisa de um espa\u00e7o seguro para compartilhar. Ent\u00e3o, quando a empresa d\u00e1 voz ao time, voc\u00ea sente que realmente faz parte do processo.<\/p>\n\n\n\n<h3 class=\"wp-block-heading\">Sensa\u00e7\u00e3o de pertencimento<\/h3>\n\n\n\n<p>Todo mundo quer se sentir parte de algo maior, e isso come\u00e7a com uma comunica\u00e7\u00e3o clara e inclusiva.&nbsp;<\/p>\n\n\n\n<p>Uma pr\u00e1tica interessante \u00e9 usar v\u00eddeos internos para contar hist\u00f3rias sobre o impacto do trabalho da empresa.<\/p>\n\n\n\n<h2 class=\"wp-block-heading\">Quais os benef\u00edcios da comunica\u00e7\u00e3o interna nas empresas?<\/h2>\n\n\n\n<p>A comunica\u00e7\u00e3o interna faz uma diferen\u00e7a muito grande para o sucesso das empresas.<\/p>\n\n\n\n<p>Al\u00e9m de ajudar na organiza\u00e7\u00e3o e nos processos, a comunica\u00e7\u00e3o bem estruturada traz muitos benef\u00edcios que impactam diretamente o sucesso do neg\u00f3cio. Veja:<\/p>\n\n\n\n<ul class=\"wp-block-list\">\n<li>Melhora do clima organizacional;<\/li>\n\n\n\n<li>Eleva a produtividade;<\/li>\n\n\n\n<li>Diminui a taxa de rotatividade;<\/li>\n\n\n\n<li>Ameniza a dissemina\u00e7\u00e3o de informa\u00e7\u00f5es falsas;<\/li>\n\n\n\n<li>Aproxima durante os momentos de crise;<\/li>\n\n\n\n<li>Facilita a integra\u00e7\u00e3o de novos funcion\u00e1rios.<\/li>\n<\/ul>\n\n\n\n<h2 class=\"wp-block-heading\">Como melhorar a comunica\u00e7\u00e3o interna na empresa?<\/h2>\n\n\n\n<p>Confira a lista de algumas ideias para voc\u00ea melhorar a comunica\u00e7\u00e3o interna em sua empresa:<\/p>\n\n\n\n<ol class=\"wp-block-list\">\n<li>Comece com um diagn\u00f3stico, fa\u00e7a entrevistas com seu time;<\/li>\n\n\n\n<li>Estabele\u00e7a canais claros e consistentes;<\/li>\n\n\n\n<li>Invista na transpar\u00eancia;<\/li>\n\n\n\n<li>Estimule a troca de ideias;<\/li>\n\n\n\n<li>Capacite os l\u00edderes;<\/li>\n\n\n\n<li>Use a tecnologia a seu favor, como o Merx;<\/li>\n\n\n\n<li>Fa\u00e7a eventos internos;<\/li>\n\n\n\n<li>Avalie e ajuste constantemente.<\/li>\n<\/ol>\n\n\n\n<h2 class=\"wp-block-heading\">11 exemplos de comunica\u00e7\u00e3o interna<\/h2>\n\n\n\n<p>Parece \u00f3bvio, mas eu preciso dizer que a comunica\u00e7\u00e3o interna n\u00e3o acontece sozinha.<\/p>\n\n\n\n<p>Ent\u00e3o, para que ela funcione bem, voc\u00ea precisa usar ferramentas e estrat\u00e9gias que conectem os envolvidos.<\/p>\n\n\n\n<p>Por isso, vou te mostrar 11 exemplos de comunica\u00e7\u00e3o interna que podem transformar a forma como sua equipe se comunica.&nbsp;<\/p>\n\n\n\n<h3 class=\"wp-block-heading\">1. Intranet<\/h3>\n\n\n\n<p>A intranet \u00e9 como um site exclusivo para sua empresa.<\/p>\n\n\n\n<p>Nela, voc\u00ea pode centralizar informa\u00e7\u00f5es, documentos e not\u00edcias importantes. Por isso, ela \u00e9 ideal para organizar tudo o que a equipe precisa.&nbsp;<\/p>\n\n\n\n<h3 class=\"wp-block-heading\">2. Rede social corporativa<\/h3>\n\n\n\n<p>As redes sociais corporativas, como o <a href=\"https:\/\/merx.app.br\/\">Merx<\/a>, permitem que voc\u00ea compartilhe informa\u00e7\u00f5es e interaja com os colegas no dia a dia da empresa.<\/p>\n\n\n\n<h3 class=\"wp-block-heading\">3. Aplicativo do RH e do colaborador<\/h3>\n\n\n\n<p>Ter um app dedicado ao RH e aos colaboradores facilita a comunica\u00e7\u00e3o. Voc\u00ea pode us\u00e1-lo para enviar comunicados, permitir o acesso a contracheques e gerenciar benef\u00edcios.&nbsp;<\/p>\n\n\n\n<h3 class=\"wp-block-heading\">4. Mural de recados<\/h3>\n\n\n\n<p>O mural de recados tamb\u00e9m tem um lugar importante na comunica\u00e7\u00e3o interna.<\/p>\n\n\n\n<p>Ele pode ser f\u00edsico, no corredor da empresa, ou digital, dentro da intranet ou em uma ferramenta como o Trello.&nbsp;<\/p>\n\n\n\n<h3 class=\"wp-block-heading\">5. Manual do colaborador<\/h3>\n\n\n\n<p>O manual do colaborador \u00e9 um guia que explica tudo sobre a empresa, desde regras at\u00e9 benef\u00edcios.<\/p>\n\n\n\n<p>Ele ajuda quem est\u00e1 come\u00e7ando e tamb\u00e9m quem precisa tirar d\u00favidas no dia a dia.&nbsp;<\/p>\n\n\n\n<h3 class=\"wp-block-heading\">6. E-mail ou newsletter<\/h3>\n\n\n\n<p>Os e-mails e as newsletters s\u00e3o \u00f3timos para enviar informa\u00e7\u00f5es importantes ou resumos peri\u00f3dicos. Para isso, \u00e9 importante enviar mensagens claras e diretas.&nbsp;<\/p>\n\n\n\n<h3 class=\"wp-block-heading\">7. Reuni\u00f5es ou eventos por videoconfer\u00eancia<\/h3>\n\n\n\n<p>As reuni\u00f5es virtuais s\u00e3o indispens\u00e1veis, principalmente em times h\u00edbridos ou remotos. Plataformas como Zoom, Google Meet ou Microsoft Teams s\u00e3o \u00f3timas para isso.<\/p>\n\n\n\n<p>Um exemplo pr\u00e1tico \u00e9 realizar um evento online para apresentar os resultados do trimestre para toda a equipe.<\/p>\n\n\n\n<h3 class=\"wp-block-heading\">8. Caixa de sugest\u00f5es<\/h3>\n\n\n\n<p>A caixa de sugest\u00f5es \u00e9 um instrumento simples, mas eficiente, porque possibilita que os colaboradores compartilhem ideias e apontem melhorias.<\/p>\n\n\n\n<h3 class=\"wp-block-heading\">9. Pesquisas de opini\u00e3o<\/h3>\n\n\n\n<p>Pesquisas de opini\u00e3o ajudam voc\u00ea a entender o que os colaboradores pensam sobre diferentes temas. Ferramentas como <strong>Typeform<\/strong> ou <strong>SurveyMonkey<\/strong>, voc\u00ea cria question\u00e1rios r\u00e1pidos e eficientes.&nbsp;<\/p>\n\n\n\n<h3 class=\"wp-block-heading\">10. V\u00eddeos internos<\/h3>\n\n\n\n<p>Os v\u00eddeos s\u00e3o uma forma descontra\u00edda de compartilhar informa\u00e7\u00f5es \u00fateis. Com ele, podemos criar tutoriais, comunicados ou at\u00e9 v\u00eddeos motivacionais.&nbsp;<\/p>\n\n\n\n<h3 class=\"wp-block-heading\">11. Eventos internos<\/h3>\n\n\n\n<p>Os eventos internos como treinamentos, palestras ou confraterniza\u00e7\u00f5es s\u00e3o excelentes para fortalecer a cultura da empresa.&nbsp;<\/p>\n\n\n\n<h2 class=\"wp-block-heading\">Boas pr\u00e1ticas de comunica\u00e7\u00e3o interna<\/h2>\n\n\n\n<p>Abaixo, confira algumas boas pr\u00e1ticas que podem transformar a comunica\u00e7\u00e3o interna da sua empresa.&nbsp;<\/p>\n\n\n\n<ol class=\"wp-block-list\">\n<li>Entenda a fundo a cultura da empresa e as necessidades dos colaboradores.<\/li>\n\n\n\n<li>Desenvolva um plano estrat\u00e9gico voltado para a comunica\u00e7\u00e3o interna.<\/li>\n\n\n\n<li>Promova um ambiente onde as informa\u00e7\u00f5es sejam claras e f\u00e1ceis de acessar.<\/li>\n\n\n\n<li>Garanta que todas as informa\u00e7\u00f5es sejam transmitidas com transpar\u00eancia.<\/li>\n\n\n\n<li>Facilite a intera\u00e7\u00e3o e o fluxo de informa\u00e7\u00f5es entre os setores.<\/li>\n\n\n\n<li>Valorize as opini\u00f5es e sugest\u00f5es do time interno.<\/li>\n\n\n\n<li>Aposte em m\u00faltiplos canais para alcan\u00e7ar diferentes p\u00fablicos.<\/li>\n\n\n\n<li>Realize iniciativas e encontros para fortalecer os la\u00e7os entre os colaboradores.<\/li>\n\n\n\n<li>Reconhe\u00e7a e celebre as conquistas da equipe.<\/li>\n\n\n\n<li>Monitore os resultados e ajuste as estrat\u00e9gias conforme necess\u00e1rio.<\/li>\n\n\n\n<li>D\u00ea autonomia e destaque para as a\u00e7\u00f5es dos colaboradores.<\/li>\n\n\n\n<li>Adote uma linguagem inclusiva e representativa.<\/li>\n\n\n\n<li>Envolva os colaboradores no processo de cria\u00e7\u00e3o de conte\u00fados internos.<\/li>\n\n\n\n<li>Reforce a miss\u00e3o e os valores da empresa de forma constante.<\/li>\n<\/ol>\n\n\n\n<p>Com isso, conseguimos ver claramente que a comunica\u00e7\u00e3o interna n\u00e3o \u00e9 apenas um detalhe no dia a dia das empresas.&nbsp;<\/p>\n\n\n\n<p>Na verdade, ela \u00e9 o alicerce que mant\u00e9m tudo funcionando de forma alinhada e eficiente. Quando voc\u00ea aposta nela, os resultados aparecem: equipes mais engajadas, clima organizacional leve e colaboradores que sabem exatamente para onde est\u00e3o indo.<\/p>\n","protected":false},"excerpt":{"rendered":"<p>A comunica\u00e7\u00e3o interna \u00e9 como o motor de um carro. Voc\u00ea pode ter um modelo incr\u00edvel, mas, sem funcionar, ele n\u00e3o sai do lugar. Por isso, entender como ela funciona e quais ferramentas podem te ajudar a aplic\u00e1-la no dia a dia \u00e9 essencial. Afinal, cada empresa tem seu jeito \u00fanico de trabalhar, mas alguns&hellip;<\/p>\n","protected":false},"author":3,"featured_media":1169,"comment_status":"open","ping_status":"open","sticky":false,"template":"","format":"standard","meta":{"footnotes":""},"categories":[1],"tags":[],"post_series":[],"class_list":["post-1168","post","type-post","status-publish","format-standard","has-post-thumbnail","hentry","category-atendimento","entry","has-media"],"yoast_head":"<!-- This site is optimized with the Yoast SEO plugin v27.5 - https:\/\/yoast.com\/product\/yoast-seo-wordpress\/ -->\n<title>Comunica\u00e7\u00e3o interna: o que \u00e9, 11 exemplos e como aplicar<\/title>\n<meta name=\"description\" content=\"A comunica\u00e7\u00e3o interna \u00e9, basicamente, a forma como os representantes de uma empresa conversam com quem trabalha nela. Leia mais.\" \/>\n<meta name=\"robots\" content=\"index, follow, max-snippet:-1, max-image-preview:large, max-video-preview:-1\" \/>\n<link rel=\"canonical\" href=\"https:\/\/merx.app.br\/blog\/comunicacao-interna\/\" \/>\n<meta property=\"og:locale\" content=\"pt_BR\" \/>\n<meta property=\"og:type\" content=\"article\" \/>\n<meta property=\"og:title\" content=\"Comunica\u00e7\u00e3o interna: o que \u00e9, 11 exemplos e como aplicar\" \/>\n<meta property=\"og:description\" content=\"A comunica\u00e7\u00e3o interna \u00e9, basicamente, a forma como os representantes de uma empresa conversam com quem trabalha nela. Leia mais.\" \/>\n<meta property=\"og:url\" content=\"https:\/\/merx.app.br\/blog\/comunicacao-interna\/\" \/>\n<meta property=\"og:site_name\" content=\"Blog Merx\" \/>\n<meta property=\"article:published_time\" content=\"2025-01-14T12:06:27+00:00\" \/>\n<meta property=\"article:modified_time\" content=\"2025-03-12T14:14:51+00:00\" \/>\n<meta property=\"og:image\" content=\"https:\/\/merx.app.br\/blog\/wp-content\/uploads\/2025\/02\/comunicacao-interna-merx.png\" \/>\n\t<meta property=\"og:image:width\" content=\"1000\" \/>\n\t<meta property=\"og:image:height\" content=\"500\" \/>\n\t<meta property=\"og:image:type\" content=\"image\/png\" \/>\n<meta name=\"author\" content=\"Geraldo Lucciani\" \/>\n<meta name=\"twitter:card\" content=\"summary_large_image\" \/>\n<meta name=\"twitter:label1\" content=\"Escrito por\" \/>\n\t<meta name=\"twitter:data1\" content=\"Geraldo Lucciani\" \/>\n\t<meta name=\"twitter:label2\" content=\"Est. tempo de leitura\" \/>\n\t<meta name=\"twitter:data2\" content=\"8 minutos\" \/>\n<script type=\"application\/ld+json\" class=\"yoast-schema-graph\">{\"@context\":\"https:\\\/\\\/schema.org\",\"@graph\":[{\"@type\":\"Article\",\"@id\":\"https:\\\/\\\/merx.app.br\\\/blog\\\/comunicacao-interna\\\/#article\",\"isPartOf\":{\"@id\":\"https:\\\/\\\/merx.app.br\\\/blog\\\/comunicacao-interna\\\/\"},\"author\":{\"name\":\"Geraldo Lucciani\",\"@id\":\"https:\\\/\\\/merx.app.br\\\/blog\\\/#\\\/schema\\\/person\\\/bc1d253d77a01ea42042d3051c11a300\"},\"headline\":\"Comunica\u00e7\u00e3o interna: o que \u00e9, 11 exemplos e como aplicar\",\"datePublished\":\"2025-01-14T12:06:27+00:00\",\"dateModified\":\"2025-03-12T14:14:51+00:00\",\"mainEntityOfPage\":{\"@id\":\"https:\\\/\\\/merx.app.br\\\/blog\\\/comunicacao-interna\\\/\"},\"wordCount\":1492,\"commentCount\":0,\"publisher\":{\"@id\":\"https:\\\/\\\/merx.app.br\\\/blog\\\/#organization\"},\"image\":{\"@id\":\"https:\\\/\\\/merx.app.br\\\/blog\\\/comunicacao-interna\\\/#primaryimage\"},\"thumbnailUrl\":\"https:\\\/\\\/merx.app.br\\\/blog\\\/wp-content\\\/uploads\\\/2025\\\/02\\\/comunicacao-interna-merx.png\",\"articleSection\":[\"Atendimento\"],\"inLanguage\":\"pt-BR\",\"potentialAction\":[{\"@type\":\"CommentAction\",\"name\":\"Comment\",\"target\":[\"https:\\\/\\\/merx.app.br\\\/blog\\\/comunicacao-interna\\\/#respond\"]}]},{\"@type\":\"WebPage\",\"@id\":\"https:\\\/\\\/merx.app.br\\\/blog\\\/comunicacao-interna\\\/\",\"url\":\"https:\\\/\\\/merx.app.br\\\/blog\\\/comunicacao-interna\\\/\",\"name\":\"Comunica\u00e7\u00e3o interna: o que \u00e9, 11 exemplos e como aplicar\",\"isPartOf\":{\"@id\":\"https:\\\/\\\/merx.app.br\\\/blog\\\/#website\"},\"primaryImageOfPage\":{\"@id\":\"https:\\\/\\\/merx.app.br\\\/blog\\\/comunicacao-interna\\\/#primaryimage\"},\"image\":{\"@id\":\"https:\\\/\\\/merx.app.br\\\/blog\\\/comunicacao-interna\\\/#primaryimage\"},\"thumbnailUrl\":\"https:\\\/\\\/merx.app.br\\\/blog\\\/wp-content\\\/uploads\\\/2025\\\/02\\\/comunicacao-interna-merx.png\",\"datePublished\":\"2025-01-14T12:06:27+00:00\",\"dateModified\":\"2025-03-12T14:14:51+00:00\",\"description\":\"A comunica\u00e7\u00e3o interna \u00e9, basicamente, a forma como os representantes de uma empresa conversam com quem trabalha nela. Leia mais.\",\"breadcrumb\":{\"@id\":\"https:\\\/\\\/merx.app.br\\\/blog\\\/comunicacao-interna\\\/#breadcrumb\"},\"inLanguage\":\"pt-BR\",\"potentialAction\":[{\"@type\":\"ReadAction\",\"target\":[\"https:\\\/\\\/merx.app.br\\\/blog\\\/comunicacao-interna\\\/\"]}]},{\"@type\":\"ImageObject\",\"inLanguage\":\"pt-BR\",\"@id\":\"https:\\\/\\\/merx.app.br\\\/blog\\\/comunicacao-interna\\\/#primaryimage\",\"url\":\"https:\\\/\\\/merx.app.br\\\/blog\\\/wp-content\\\/uploads\\\/2025\\\/02\\\/comunicacao-interna-merx.png\",\"contentUrl\":\"https:\\\/\\\/merx.app.br\\\/blog\\\/wp-content\\\/uploads\\\/2025\\\/02\\\/comunicacao-interna-merx.png\",\"width\":1000,\"height\":500,\"caption\":\"Imagem com um homem segurando um tablet e uma mulher sorrindo ao seu lado em um escrit\u00f3rio.\"},{\"@type\":\"BreadcrumbList\",\"@id\":\"https:\\\/\\\/merx.app.br\\\/blog\\\/comunicacao-interna\\\/#breadcrumb\",\"itemListElement\":[{\"@type\":\"ListItem\",\"position\":1,\"name\":\"In\u00edcio\",\"item\":\"https:\\\/\\\/merx.app.br\\\/blog\\\/\"},{\"@type\":\"ListItem\",\"position\":2,\"name\":\"Comunica\u00e7\u00e3o interna: o que \u00e9, 11 exemplos e como aplicar\"}]},{\"@type\":\"WebSite\",\"@id\":\"https:\\\/\\\/merx.app.br\\\/blog\\\/#website\",\"url\":\"https:\\\/\\\/merx.app.br\\\/blog\\\/\",\"name\":\"Blog Merx\",\"description\":\"Transforme o atendimento digital da sua empresa\",\"publisher\":{\"@id\":\"https:\\\/\\\/merx.app.br\\\/blog\\\/#organization\"},\"potentialAction\":[{\"@type\":\"SearchAction\",\"target\":{\"@type\":\"EntryPoint\",\"urlTemplate\":\"https:\\\/\\\/merx.app.br\\\/blog\\\/?s={search_term_string}\"},\"query-input\":{\"@type\":\"PropertyValueSpecification\",\"valueRequired\":true,\"valueName\":\"search_term_string\"}}],\"inLanguage\":\"pt-BR\"},{\"@type\":\"Organization\",\"@id\":\"https:\\\/\\\/merx.app.br\\\/blog\\\/#organization\",\"name\":\"Blog Merx\",\"url\":\"https:\\\/\\\/merx.app.br\\\/blog\\\/\",\"logo\":{\"@type\":\"ImageObject\",\"inLanguage\":\"pt-BR\",\"@id\":\"https:\\\/\\\/merx.app.br\\\/blog\\\/#\\\/schema\\\/logo\\\/image\\\/\",\"url\":\"https:\\\/\\\/merx.app.br\\\/blog\\\/wp-content\\\/uploads\\\/2023\\\/06\\\/logoFooter.webp\",\"contentUrl\":\"https:\\\/\\\/merx.app.br\\\/blog\\\/wp-content\\\/uploads\\\/2023\\\/06\\\/logoFooter.webp\",\"width\":211,\"height\":60,\"caption\":\"Blog Merx\"},\"image\":{\"@id\":\"https:\\\/\\\/merx.app.br\\\/blog\\\/#\\\/schema\\\/logo\\\/image\\\/\"}},{\"@type\":\"Person\",\"@id\":\"https:\\\/\\\/merx.app.br\\\/blog\\\/#\\\/schema\\\/person\\\/bc1d253d77a01ea42042d3051c11a300\",\"name\":\"Geraldo Lucciani\",\"image\":{\"@type\":\"ImageObject\",\"inLanguage\":\"pt-BR\",\"@id\":\"https:\\\/\\\/merx.app.br\\\/blog\\\/wp-content\\\/litespeed\\\/avatar\\\/d5a7907a1b8f8a8f2bd7d685f3ffe634.jpg?ver=1776877846\",\"url\":\"https:\\\/\\\/merx.app.br\\\/blog\\\/wp-content\\\/litespeed\\\/avatar\\\/d5a7907a1b8f8a8f2bd7d685f3ffe634.jpg?ver=1776877846\",\"contentUrl\":\"https:\\\/\\\/merx.app.br\\\/blog\\\/wp-content\\\/litespeed\\\/avatar\\\/d5a7907a1b8f8a8f2bd7d685f3ffe634.jpg?ver=1776877846\",\"caption\":\"Geraldo Lucciani\"},\"description\":\"Geraldo Lucciani \u00e9 jornalista, especialista em Marketing Digital e Gestor Cultural. Apaixonado por tecnologia e internet, escreve conte\u00fados para sites, blogs e redes sociais desde 2016. Atua tamb\u00e9m na cena cultural da capital mineira produzindo espet\u00e1culos e trazendo nomes do humor para a cidade. Nas horas vagas, ama ler, assistir filmes, s\u00e9ries e, claro, pe\u00e7as de teatro.\",\"url\":\"https:\\\/\\\/merx.app.br\\\/blog\\\/author\\\/geraldo-lucciani\\\/\"}]}<\/script>\n<!-- \/ Yoast SEO plugin. -->","yoast_head_json":{"title":"Comunica\u00e7\u00e3o interna: o que \u00e9, 11 exemplos e como aplicar","description":"A comunica\u00e7\u00e3o interna \u00e9, basicamente, a forma como os representantes de uma empresa conversam com quem trabalha nela. Leia mais.","robots":{"index":"index","follow":"follow","max-snippet":"max-snippet:-1","max-image-preview":"max-image-preview:large","max-video-preview":"max-video-preview:-1"},"canonical":"https:\/\/merx.app.br\/blog\/comunicacao-interna\/","og_locale":"pt_BR","og_type":"article","og_title":"Comunica\u00e7\u00e3o interna: o que \u00e9, 11 exemplos e como aplicar","og_description":"A comunica\u00e7\u00e3o interna \u00e9, basicamente, a forma como os representantes de uma empresa conversam com quem trabalha nela. Leia mais.","og_url":"https:\/\/merx.app.br\/blog\/comunicacao-interna\/","og_site_name":"Blog Merx","article_published_time":"2025-01-14T12:06:27+00:00","article_modified_time":"2025-03-12T14:14:51+00:00","og_image":[{"width":1000,"height":500,"url":"https:\/\/merx.app.br\/blog\/wp-content\/uploads\/2025\/02\/comunicacao-interna-merx.png","type":"image\/png"}],"author":"Geraldo Lucciani","twitter_card":"summary_large_image","twitter_misc":{"Escrito por":"Geraldo Lucciani","Est. tempo de leitura":"8 minutos"},"schema":{"@context":"https:\/\/schema.org","@graph":[{"@type":"Article","@id":"https:\/\/merx.app.br\/blog\/comunicacao-interna\/#article","isPartOf":{"@id":"https:\/\/merx.app.br\/blog\/comunicacao-interna\/"},"author":{"name":"Geraldo Lucciani","@id":"https:\/\/merx.app.br\/blog\/#\/schema\/person\/bc1d253d77a01ea42042d3051c11a300"},"headline":"Comunica\u00e7\u00e3o interna: o que \u00e9, 11 exemplos e como aplicar","datePublished":"2025-01-14T12:06:27+00:00","dateModified":"2025-03-12T14:14:51+00:00","mainEntityOfPage":{"@id":"https:\/\/merx.app.br\/blog\/comunicacao-interna\/"},"wordCount":1492,"commentCount":0,"publisher":{"@id":"https:\/\/merx.app.br\/blog\/#organization"},"image":{"@id":"https:\/\/merx.app.br\/blog\/comunicacao-interna\/#primaryimage"},"thumbnailUrl":"https:\/\/merx.app.br\/blog\/wp-content\/uploads\/2025\/02\/comunicacao-interna-merx.png","articleSection":["Atendimento"],"inLanguage":"pt-BR","potentialAction":[{"@type":"CommentAction","name":"Comment","target":["https:\/\/merx.app.br\/blog\/comunicacao-interna\/#respond"]}]},{"@type":"WebPage","@id":"https:\/\/merx.app.br\/blog\/comunicacao-interna\/","url":"https:\/\/merx.app.br\/blog\/comunicacao-interna\/","name":"Comunica\u00e7\u00e3o interna: o que \u00e9, 11 exemplos e como aplicar","isPartOf":{"@id":"https:\/\/merx.app.br\/blog\/#website"},"primaryImageOfPage":{"@id":"https:\/\/merx.app.br\/blog\/comunicacao-interna\/#primaryimage"},"image":{"@id":"https:\/\/merx.app.br\/blog\/comunicacao-interna\/#primaryimage"},"thumbnailUrl":"https:\/\/merx.app.br\/blog\/wp-content\/uploads\/2025\/02\/comunicacao-interna-merx.png","datePublished":"2025-01-14T12:06:27+00:00","dateModified":"2025-03-12T14:14:51+00:00","description":"A comunica\u00e7\u00e3o interna \u00e9, basicamente, a forma como os representantes de uma empresa conversam com quem trabalha nela. Leia mais.","breadcrumb":{"@id":"https:\/\/merx.app.br\/blog\/comunicacao-interna\/#breadcrumb"},"inLanguage":"pt-BR","potentialAction":[{"@type":"ReadAction","target":["https:\/\/merx.app.br\/blog\/comunicacao-interna\/"]}]},{"@type":"ImageObject","inLanguage":"pt-BR","@id":"https:\/\/merx.app.br\/blog\/comunicacao-interna\/#primaryimage","url":"https:\/\/merx.app.br\/blog\/wp-content\/uploads\/2025\/02\/comunicacao-interna-merx.png","contentUrl":"https:\/\/merx.app.br\/blog\/wp-content\/uploads\/2025\/02\/comunicacao-interna-merx.png","width":1000,"height":500,"caption":"Imagem com um homem segurando um tablet e uma mulher sorrindo ao seu lado em um escrit\u00f3rio."},{"@type":"BreadcrumbList","@id":"https:\/\/merx.app.br\/blog\/comunicacao-interna\/#breadcrumb","itemListElement":[{"@type":"ListItem","position":1,"name":"In\u00edcio","item":"https:\/\/merx.app.br\/blog\/"},{"@type":"ListItem","position":2,"name":"Comunica\u00e7\u00e3o interna: o que \u00e9, 11 exemplos e como aplicar"}]},{"@type":"WebSite","@id":"https:\/\/merx.app.br\/blog\/#website","url":"https:\/\/merx.app.br\/blog\/","name":"Blog Merx","description":"Transforme o atendimento digital da sua empresa","publisher":{"@id":"https:\/\/merx.app.br\/blog\/#organization"},"potentialAction":[{"@type":"SearchAction","target":{"@type":"EntryPoint","urlTemplate":"https:\/\/merx.app.br\/blog\/?s={search_term_string}"},"query-input":{"@type":"PropertyValueSpecification","valueRequired":true,"valueName":"search_term_string"}}],"inLanguage":"pt-BR"},{"@type":"Organization","@id":"https:\/\/merx.app.br\/blog\/#organization","name":"Blog Merx","url":"https:\/\/merx.app.br\/blog\/","logo":{"@type":"ImageObject","inLanguage":"pt-BR","@id":"https:\/\/merx.app.br\/blog\/#\/schema\/logo\/image\/","url":"https:\/\/merx.app.br\/blog\/wp-content\/uploads\/2023\/06\/logoFooter.webp","contentUrl":"https:\/\/merx.app.br\/blog\/wp-content\/uploads\/2023\/06\/logoFooter.webp","width":211,"height":60,"caption":"Blog Merx"},"image":{"@id":"https:\/\/merx.app.br\/blog\/#\/schema\/logo\/image\/"}},{"@type":"Person","@id":"https:\/\/merx.app.br\/blog\/#\/schema\/person\/bc1d253d77a01ea42042d3051c11a300","name":"Geraldo Lucciani","image":{"@type":"ImageObject","inLanguage":"pt-BR","@id":"https:\/\/merx.app.br\/blog\/wp-content\/litespeed\/avatar\/d5a7907a1b8f8a8f2bd7d685f3ffe634.jpg?ver=1776877846","url":"https:\/\/merx.app.br\/blog\/wp-content\/litespeed\/avatar\/d5a7907a1b8f8a8f2bd7d685f3ffe634.jpg?ver=1776877846","contentUrl":"https:\/\/merx.app.br\/blog\/wp-content\/litespeed\/avatar\/d5a7907a1b8f8a8f2bd7d685f3ffe634.jpg?ver=1776877846","caption":"Geraldo Lucciani"},"description":"Geraldo Lucciani \u00e9 jornalista, especialista em Marketing Digital e Gestor Cultural. Apaixonado por tecnologia e internet, escreve conte\u00fados para sites, blogs e redes sociais desde 2016. Atua tamb\u00e9m na cena cultural da capital mineira produzindo espet\u00e1culos e trazendo nomes do humor para a cidade. Nas horas vagas, ama ler, assistir filmes, s\u00e9ries e, claro, pe\u00e7as de teatro.","url":"https:\/\/merx.app.br\/blog\/author\/geraldo-lucciani\/"}]}},"_links":{"self":[{"href":"https:\/\/merx.app.br\/blog\/wp-json\/wp\/v2\/posts\/1168","targetHints":{"allow":["GET"]}}],"collection":[{"href":"https:\/\/merx.app.br\/blog\/wp-json\/wp\/v2\/posts"}],"about":[{"href":"https:\/\/merx.app.br\/blog\/wp-json\/wp\/v2\/types\/post"}],"author":[{"embeddable":true,"href":"https:\/\/merx.app.br\/blog\/wp-json\/wp\/v2\/users\/3"}],"replies":[{"embeddable":true,"href":"https:\/\/merx.app.br\/blog\/wp-json\/wp\/v2\/comments?post=1168"}],"version-history":[{"count":0,"href":"https:\/\/merx.app.br\/blog\/wp-json\/wp\/v2\/posts\/1168\/revisions"}],"wp:featuredmedia":[{"embeddable":true,"href":"https:\/\/merx.app.br\/blog\/wp-json\/wp\/v2\/media\/1169"}],"wp:attachment":[{"href":"https:\/\/merx.app.br\/blog\/wp-json\/wp\/v2\/media?parent=1168"}],"wp:term":[{"taxonomy":"category","embeddable":true,"href":"https:\/\/merx.app.br\/blog\/wp-json\/wp\/v2\/categories?post=1168"},{"taxonomy":"post_tag","embeddable":true,"href":"https:\/\/merx.app.br\/blog\/wp-json\/wp\/v2\/tags?post=1168"},{"taxonomy":"post_series","embeddable":true,"href":"https:\/\/merx.app.br\/blog\/wp-json\/wp\/v2\/post_series?post=1168"}],"curies":[{"name":"wp","href":"https:\/\/api.w.org\/{rel}","templated":true}]}}