{"id":1100,"date":"2024-09-04T11:05:59","date_gmt":"2024-09-04T14:05:59","guid":{"rendered":"https:\/\/merx.app.br\/blog\/?p=1100"},"modified":"2024-09-04T11:07:49","modified_gmt":"2024-09-04T14:07:49","slug":"comunicacao-no-ambiente-de-trabalho","status":"publish","type":"post","link":"https:\/\/merx.app.br\/blog\/comunicacao-no-ambiente-de-trabalho\/","title":{"rendered":"Comunica\u00e7\u00e3o no ambiente de trabalho: 10 dicas de como melhorar"},"content":{"rendered":"<p><span style=\"font-weight: 400;\">Uma boa <\/span><b>comunica\u00e7\u00e3o no ambiente de trabalho<\/b><span style=\"font-weight: 400;\"> \u00e9 fundamental para o sucesso de qualquer equipe.\u00a0<\/span><\/p>\n<p><span style=\"font-weight: 400;\">Ela pode ser comparada \u00e0quela brincadeira de telefone sem fio: se uma palavra n\u00e3o chega clara no final da linha, vira uma confus\u00e3o! E ningu\u00e9m quer que o trabalho vire uma bagun\u00e7a, n\u00e3o \u00e9 verdade?\u00a0<\/span><\/p>\n<p><span style=\"font-weight: 400;\">Dessa forma, falhas nesse aspecto podem gerar problemas s\u00e9rios, como desmotiva\u00e7\u00e3o e at\u00e9 mesmo conflitos.<\/span><\/p>\n<p><span style=\"font-weight: 400;\">Por isso, \u00e9 essencial melhorar a comunica\u00e7\u00e3o no escrit\u00f3rio para <\/span><b>evitar mal-entendidos, aumentar a produtividade e manter a integra\u00e7\u00e3o da equipe<\/b><span style=\"font-weight: 400;\">.\u00a0<\/span><\/p>\n<p><span style=\"font-weight: 400;\">E para te ajudar nessa miss\u00e3o, vamos dar dicas neste artigo que podem melhorar a comunica\u00e7\u00e3o na sua empresa.<\/span><\/p>\n<h2><b>Qual a import\u00e2ncia da comunica\u00e7\u00e3o no ambiente de trabalho?<\/b><\/h2>\n<p><span style=\"font-weight: 400;\">A comunica\u00e7\u00e3o no ambiente de trabalho \u00e9, simplesmente, o que <\/span><b>faz a roda girar<\/b><span style=\"font-weight: 400;\">. Sem ela, as coisas n\u00e3o acontecem ou acontecem da forma errada.<\/span><\/p>\n<p><span style=\"font-weight: 400;\">Quando todos sabem o que precisam fazer e est\u00e3o bem informados, o trabalho flui de maneira mais tranquila e eficiente.<\/span><\/p>\n<p><span style=\"font-weight: 400;\">Imagina se o respons\u00e1vel pelo servi\u00e7o de suporte t\u00e9cnico da equipe de TI de uma grande empresa n\u00e3o comunica um problema no servidor ao time de desenvolvimento.\u00a0<\/span><\/p>\n<p><span style=\"font-weight: 400;\">\u00c9 l\u00f3gico que a solu\u00e7\u00e3o vai demorar mais do que o necess\u00e1rio, gerando frustra\u00e7\u00e3o para os clientes e sobrecarga para a equipe.<\/span><\/p>\n<p><span style=\"font-weight: 400;\">Sendo assim, investir em uma boa comunica\u00e7\u00e3o interna \u00e9 uma necessidade para que tudo funcione como deve.<\/span><\/p>\n<h2><b>Quais os benef\u00edcios de uma comunica\u00e7\u00e3o no ambiente de trabalho eficaz?<\/b><\/h2>\n<p><span style=\"font-weight: 400;\">Uma comunica\u00e7\u00e3o eficiente traz v\u00e1rios benef\u00edcios para a empresa.<\/span><\/p>\n<p><span style=\"font-weight: 400;\">Para come\u00e7ar, ela <\/span><b>aumenta a colabora\u00e7\u00e3o entre os funcion\u00e1rios<\/b><span style=\"font-weight: 400;\">, ajudando todos a trabalharem juntos para alcan\u00e7ar os mesmos objetivos.<\/span><\/p>\n<p><span style=\"font-weight: 400;\">Isso tamb\u00e9m <\/span><b>melhora o clima organizacional<\/b><span style=\"font-weight: 400;\">, pois as pessoas se sentem mais conectadas e engajadas.<\/span><\/p>\n<p><span style=\"font-weight: 400;\">Al\u00e9m disso, quando a comunica\u00e7\u00e3o \u00e9 clara, as chances de cometer <\/span><b>erros diminuem<\/b><span style=\"font-weight: 400;\"> bastante.<\/span><\/p>\n<p><span style=\"font-weight: 400;\">Isso quer dizer que projetos s\u00e3o entregues com mais <\/span><b>qualidade e dentro do prazo<\/b><span style=\"font-weight: 400;\">.<\/span><\/p>\n<p><span style=\"font-weight: 400;\">Outro benef\u00edcio \u00e9 a <\/span><b>agilidade na resolu\u00e7\u00e3o de problemas<\/b><span style=\"font-weight: 400;\">. Com uma comunica\u00e7\u00e3o direta e eficiente, os obst\u00e1culos s\u00e3o identificados e superados com mais rapidez, garantindo que a produtividade n\u00e3o seja prejudicada.<\/span><\/p>\n<h2><b>Como estabelecer comunica\u00e7\u00e3o eficiente no trabalho?<\/b><\/h2>\n<p><span style=\"font-weight: 400;\">Para estabelecer uma comunica\u00e7\u00e3o eficiente no trabalho, o primeiro passo \u00e9 <\/span><b>ser claro e objetivo<\/b><span style=\"font-weight: 400;\">.<\/span><\/p>\n<p><span style=\"font-weight: 400;\">Evite enrolar ou usar palavras complicadas. Isso porque quando todo mundo entende o que voc\u00ea quer dizer, as coisas fluem.<\/span><\/p>\n<p><span style=\"font-weight: 400;\">A\u00ed vai uma dica: <\/span><b>use checklists ou fluxogramas<\/b><span style=\"font-weight: 400;\"> para criar e\/ou esclarecer processos. Isso pode evitar que algu\u00e9m fique perdido no meio do caminho.<\/span><\/p>\n<p><span style=\"font-weight: 400;\">Outra dica importante \u00e9<\/span><b> escolher o canal de comunica\u00e7\u00e3o<\/b><span style=\"font-weight: 400;\"> adequado.<\/span><\/p>\n<p><span style=\"font-weight: 400;\">Para uma conversa r\u00e1pida, o <\/span><b>e-mail corporativo<\/b><span style=\"font-weight: 400;\"> ou um aplicativo de mensagens como o Merx, Slack ou WhatsApp pode ser suficiente.<\/span><\/p>\n<p><span style=\"font-weight: 400;\">Todavia, para discuss\u00f5es mais complexas, <\/span><b>uma reuni\u00e3o<\/b><span style=\"font-weight: 400;\"> presencial ou por videoconfer\u00eancia, usando ferramentas como Zoom ou Google Meet, pode ser mais eficaz.<\/span><\/p>\n<h2><b>Como melhorar a comunica\u00e7\u00e3o no trabalho: dicas importantes<\/b><\/h2>\n<p><span style=\"font-weight: 400;\">Melhorar a comunica\u00e7\u00e3o no trabalho \u00e9 como afinar um instrumento musical: exige pr\u00e1tica e aten\u00e7\u00e3o aos detalhes. Por isso, aqui est\u00e3o algumas dicas:<\/span><\/p>\n<p><b style=\"color: var(--wpex-heading-color); font-size: var(--wpex-text-xl);\">1. Conhe\u00e7a o perfil do funcion\u00e1rios que recebe a informa\u00e7\u00e3o<\/b><\/p>\n<p><span style=\"font-weight: 400;\">Cada pessoa tem um jeito pr\u00f3prio de entender e interpretar uma mensagem. Portanto, \u00e9 importante<\/span><b> conhecer o perfil<\/b><span style=\"font-weight: 400;\"> de quem vai receber o comunicado.<\/span><\/p>\n<p><span style=\"font-weight: 400;\">Se algu\u00e9m prefere receber instru\u00e7\u00f5es por e-mail, por exemplo, evite passar informa\u00e7\u00f5es importantes apenas pelo chat ou at\u00e9 mesmo verbalmente.<\/span><\/p>\n<p><span style=\"font-weight: 400;\">Se for uma pessoa mais simples, n\u00e3o adianta usar palavras dif\u00edceis e express\u00f5es t\u00e9cnicas.<\/span><\/p>\n<p><span style=\"font-weight: 400;\">Dessa forma, a comunica\u00e7\u00e3o ser\u00e1 mais eficaz e personalizada.<\/span><\/p>\n<p><b style=\"color: var(--wpex-heading-color); font-size: var(--wpex-text-xl);\">2. Explore diferentes meios de comunica\u00e7\u00e3o<\/b><\/p>\n<p><span style=\"font-weight: 400;\">N\u00e3o fique preso a somente um meio de comunica\u00e7\u00e3o. Utilize e-mails, rede social interna (como o Merx), mensagens instant\u00e2neas, reuni\u00f5es presenciais e videoconfer\u00eancias.<\/span><\/p>\n<p><span style=\"font-weight: 400;\">Isso garante que a mensagem chegue a todos, independentemente do canal preferido de cada um.<\/span><\/p>\n<h3><b>3. Ou\u00e7a o que os funcion\u00e1rios t\u00eam a dizer<\/b><\/h3>\n<p><span style=\"font-weight: 400;\">Saiba que a comunica\u00e7\u00e3o <\/span><b>n\u00e3o \u00e9 apenas sobre falar<\/b><span style=\"font-weight: 400;\">, mas tamb\u00e9m sobre ouvir. Prestar aten\u00e7\u00e3o ao que os colaboradores dizem pode evitar mal-entendidos e melhorar a din\u00e2mica de trabalho.<\/span><\/p>\n<p><span style=\"font-weight: 400;\">Al\u00e9m disso, ouvir sugest\u00f5es pode <\/span><b>trazer novas ideias e solu\u00e7\u00f5es<\/b><span style=\"font-weight: 400;\"> que voc\u00ea nem imaginava.<\/span><\/p>\n<h3><b>4. Mantenha a transpar\u00eancia e a objetividade<\/b><\/h3>\n<p><span style=\"font-weight: 400;\">Seja <\/span><b>claro e direto ao comunicar<\/b><span style=\"font-weight: 400;\">. N\u00e3o enrole.<\/span><\/p>\n<p><span style=\"font-weight: 400;\">Se for necess\u00e1rio, por exemplo, uma mudan\u00e7a importante na empresa, explique o motivo e o que se espera da equipe, sempre de forma simples, sem deixar d\u00favidas.<\/span><\/p>\n<p><span style=\"font-weight: 400;\">Isso evita confus\u00f5es e garante que todos entendam a mensagem.<\/span><\/p>\n<p><b style=\"color: var(--wpex-heading-color); font-size: var(--wpex-text-xl);\">5. Use t\u00e9cnicas para aumentar o impacto da mensagem<\/b><\/p>\n<p><span style=\"font-weight: 400;\">Ferramentas como <\/span><b>mapas mentais, apresenta\u00e7\u00f5es visuais e exemplos pr\u00e1ticos<\/b><span style=\"font-weight: 400;\"> tornam a comunica\u00e7\u00e3o mais f\u00e1cil de entender.\u00a0\u00a0<\/span><\/p>\n<p><span style=\"font-weight: 400;\">Isso facilita a absor\u00e7\u00e3o das informa\u00e7\u00f5es e sua aplica\u00e7\u00e3o no dia a dia.<\/span><\/p>\n<h3><b>6. Confirme se a mensagem foi interpretada corretamente<\/b><\/h3>\n<p><b>Sempre pergunte <\/b><span style=\"font-weight: 400;\">se o que voc\u00ea disse foi realmente compreendido. Para isso, converse com a pessoa que recebeu a mensagem para certificar-se de que ela entendeu tudo mesmo.\u00a0<\/span><\/p>\n<p><span style=\"font-weight: 400;\">Isso evita mal-entendidos e garante que todos estejam em sintonia.<\/span><\/p>\n<h3><b>7. Escolha o canal correto<\/b><\/h3>\n<p><span style=\"font-weight: 400;\">\u00c9 importante saber que <\/span><b>cada tipo de mensagem tem um canal mais adequado<\/b><span style=\"font-weight: 400;\">. Para comunicados formais, uma mensagem por e-mail pode ser mais adequada do que um chat.\u00a0<\/span><\/p>\n<p><span style=\"font-weight: 400;\">J\u00e1 para conversas r\u00e1pidas, uma mensagem pelo chat ou uma liga\u00e7\u00e3o telef\u00f4nica pode ser mais eficiente.\u00a0<\/span><\/p>\n<p><span style=\"font-weight: 400;\">Comunicados em massa podem ser disponibilizados em uma rede social interna da empresa, por exemplo.\u00a0<\/span><\/p>\n<p><span style=\"font-weight: 400;\">Portanto, escolher o canal certo \u00e9 essencial para garantir clareza e efici\u00eancia na comunica\u00e7\u00e3o.<\/span><\/p>\n<h3><b>8. Pratique a escuta ativa<\/b><\/h3>\n<p><span style=\"font-weight: 400;\">Praticar a escuta ativa significa <\/span><b>prestar aten\u00e7\u00e3o ao que o outro est\u00e1 falando<\/b><span style=\"font-weight: 400;\">, sem ficar interrompendo.<\/span><\/p>\n<p><span style=\"font-weight: 400;\">Isso n\u00e3o s\u00f3 demonstra respeito, mas tamb\u00e9m ajuda a entender plenamente o que est\u00e1 sendo comunicado.<\/span><\/p>\n<p><span style=\"font-weight: 400;\">A escuta ativa \u00e9 uma habilidade fundamental para melhorar a comunica\u00e7\u00e3o no trabalho.<\/span><\/p>\n<h3><b>9. N\u00e3o interrompa o outro<\/b><\/h3>\n<p><span style=\"font-weight: 400;\">Interromper quem est\u00e1 dizendo algo \u00e9 uma <\/span><b>pr\u00e1tica que precisa ser evitada<\/b><span style=\"font-weight: 400;\">.<\/span><\/p>\n<p><span style=\"font-weight: 400;\">Al\u00e9m de ser desrespeitoso, atrapalha o racioc\u00ednio de quem est\u00e1 falando e pode gerar frustra\u00e7\u00e3o.<\/span><\/p>\n<p><span style=\"font-weight: 400;\">Portanto, espere a pessoa concluir seu pensamento antes de intervir.<\/span><\/p>\n<h3><b>10. Evite reuni\u00f5es extensas<\/b><\/h3>\n<p><span style=\"font-weight: 400;\">Aquelas reuni\u00f5es longas e sem foco s\u00e3o um <\/span><b>grande desperd\u00edcio de tempo<\/b><span style=\"font-weight: 400;\">. As pessoas se distraem e saem, muitas vezes, sem saber o que foi falado.\u00a0<\/span><\/p>\n<p><span style=\"font-weight: 400;\">Limite as reuni\u00f5es ao tempo necess\u00e1rio para discutir os pontos mais importantes. Converse por t\u00f3picos e conclua um de cada vez.\u00a0<\/span><\/p>\n<p><span style=\"font-weight: 400;\">Por isso, sempre que poss\u00edvel, prepare uma pauta e se baseie nela para conduzir a reuni\u00e3o. Anote as resolu\u00e7\u00f5es e envie a todos os participantes, para documentar.\u00a0<\/span><\/p>\n<h2><b>O papel do l\u00edder na comunica\u00e7\u00e3o no ambiente de trabalho<\/b><\/h2>\n<p><span style=\"font-weight: 400;\">O l\u00edder tem um <\/span><b>papel muito importante na comunica\u00e7\u00e3o<\/b><span style=\"font-weight: 400;\"> dentro da empresa. Ele deve promover um ambiente com uma comunica\u00e7\u00e3o aberta e n\u00e3o violenta.<\/span><\/p>\n<p><span style=\"font-weight: 400;\">Al\u00e9m disso, precisa estar atento \u00e0s necessidades da equipe, garantindo que todos tenham a oportunidade de dar a pr\u00f3pria opini\u00e3o.<\/span><\/p>\n<p><span style=\"font-weight: 400;\">Outro ponto importante: \u00e9 responsabilidade do l\u00edder <\/span><b>transmitir as diretrizes da empresa<\/b><span style=\"font-weight: 400;\"> de forma clara e objetiva, assegurando que todos compreendam suas responsabilidades e objetivos\/metas.\u00a0<\/span><\/p>\n<p><span style=\"font-weight: 400;\">Um l\u00edder que se comunica bem pode <\/span><b>inspirar sua equipe<\/b><span style=\"font-weight: 400;\">, aumentar a motiva\u00e7\u00e3o e melhorar o desempenho de cada um.<\/span><\/p>\n<h2><b>Comunica\u00e7\u00e3o no ambiente de trabalho e o endomarketing<\/b><\/h2>\n<p><span style=\"font-weight: 400;\">O endomarketing \u00e9 uma <\/span><b>estrat\u00e9gia para melhorar a comunica\u00e7\u00e3o interna <\/b><span style=\"font-weight: 400;\">da empresa.<\/span><\/p>\n<p><span style=\"font-weight: 400;\">Ele envolve a\u00e7\u00f5es de marketing voltadas para os colaboradores, com o objetivo de deixar todos engajados e alinhados em rela\u00e7\u00e3o \u00e0 miss\u00e3o, vis\u00e3o, valores e objetivos da empresa.<\/span><\/p>\n<p><span style=\"font-weight: 400;\">Quando bem aplicado, o endomarketing pode fortalecer a comunica\u00e7\u00e3o interna e criar um ambiente de trabalho mais harmonioso e produtivo.<\/span><\/p>\n<h2><b>Principais canais online de comunica\u00e7\u00e3o do endomarketing<\/b><\/h2>\n<p><span style=\"font-weight: 400;\">Para que o endomarketing seja efetivo, \u00e9 necess\u00e1rio utilizar os canais de comunica\u00e7\u00e3o certos. Aqui est\u00e3o alguns exemplos:<\/span><\/p>\n<h3><b>1. Jornal, revista ou boletins virtuais<\/b><\/h3>\n<p><span style=\"font-weight: 400;\">Esses materiais s\u00e3o \u00f3timos para compartilhar not\u00edcias internas, resultados e hist\u00f3rias de sucesso.<\/span><\/p>\n<p><span style=\"font-weight: 400;\">Essas publica\u00e7\u00f5es digitais funcionam como as impressas, mas com a vantagem de serem mais din\u00e2micas e acess\u00edveis.\u00a0<\/span><\/p>\n<p><span style=\"font-weight: 400;\">Eles mant\u00eam todos os colaboradores informados sobre o que est\u00e1 acontecendo na empresa.<\/span><\/p>\n<p><span style=\"font-weight: 400;\">Al\u00e9m disso, permitem a inclus\u00e3o de links, v\u00eddeos e outros recursos interativos que enriquecem a comunica\u00e7\u00e3o.<\/span><\/p>\n<h3><b>2. Newsletter<\/b><\/h3>\n<p><span style=\"font-weight: 400;\">As newsletters s\u00e3o <\/span><b>vers\u00e1teis e muito eficientes <\/b><span style=\"font-weight: 400;\">para manter os colaboradores informados.<\/span><\/p>\n<p><span style=\"font-weight: 400;\">Elas podem ser enviadas por e-mail regularmente, com atualiza\u00e7\u00f5es sobre projetos, eventos e not\u00edcias importantes.<\/span><\/p>\n<p><span style=\"font-weight: 400;\">Ferramentas como <\/span><b>Mailchimp<\/b><span style=\"font-weight: 400;\"> ou <\/span><b>Sendinblue<\/b><span style=\"font-weight: 400;\"> facilitam a cria\u00e7\u00e3o e o envio desses comunicados.<\/span><\/p>\n<h3><b>3. Site\/Intranet<\/b><\/h3>\n<p><span style=\"font-weight: 400;\">Um site interno, ou intranet, \u00e9 uma plataforma onde os colaboradores podem acessar documentos, pol\u00edticas e outras informa\u00e7\u00f5es importantes.<\/span><\/p>\n<p><span style=\"font-weight: 400;\">Ele tamb\u00e9m pode servir como um portal de comunica\u00e7\u00e3o, com f\u00f3runs de discuss\u00e3o e \u00e1reas para feedback, tudo no mesmo lugar. A intranet \u00e9 um canal muito \u00fatil para o endomarketing.\u00a0<\/span><\/p>\n<h3><b>4. Rede social interna<\/b><\/h3>\n<p><span style=\"font-weight: 400;\">Algumas plataformas como <\/span><a href=\"https:\/\/merx.app.br\/\" target=\"_blank\" rel=\"noopener\"><b>Merx<\/b><\/a><b>, Workplace, Yammer ou Slack<\/b><span style=\"font-weight: 400;\"> funcionam como redes sociais internas, permitindo uma comunica\u00e7\u00e3o mais informal e \u00e1gil entre os colaboradores.<\/span><\/p>\n<p><span style=\"font-weight: 400;\">Elas s\u00e3o \u00f3timas para discuss\u00f5es r\u00e1pidas, troca de ideias e at\u00e9 para fortalecer o esp\u00edrito de equipe.<\/span><\/p>\n<p><span style=\"font-weight: 400;\">O Merx, por exemplo, al\u00e9m de feed de not\u00edcias e e-mail corporativo integrado, possui um chat interno para troca de mensagens entre funcion\u00e1rios.\u00a0<\/span><\/p>\n<h2><b>Impactos quando h\u00e1 falhas na comunica\u00e7\u00e3o no ambiente de trabalho<\/b><\/h2>\n<p><span style=\"font-weight: 400;\">As falhas na comunica\u00e7\u00e3o podem ter consequ\u00eancias ruins para a empresa.<\/span><\/p>\n<p><span style=\"font-weight: 400;\">Elas podem causar mal-entendidos, prejudicar o trabalho em equipe e at\u00e9 gerar conflitos internos.<\/span><\/p>\n<p><span style=\"font-weight: 400;\">Al\u00e9m disso, quando a comunica\u00e7\u00e3o n\u00e3o \u00e9 clara, <\/span><b>os colaboradores podem se sentir desmotivados e n\u00e3o engajados<\/b><span style=\"font-weight: 400;\">, o que afeta diretamente a produtividade e a qualidade do trabalho.<\/span><\/p>\n<p><span style=\"font-weight: 400;\">Por exemplo, se uma instru\u00e7\u00e3o \u00e9 mal interpretada, o resultado pode ser a entrega de um produto ou servi\u00e7o que n\u00e3o atende \u00e0s expectativas.<\/span><\/p>\n<p><span style=\"font-weight: 400;\">Isso n\u00e3o s\u00f3 prejudica a rela\u00e7\u00e3o com o cliente, como tamb\u00e9m pode causar retrabalho e desperd\u00edcio de recursos.<\/span><\/p>\n<p><span style=\"font-weight: 400;\">Portanto, investir na melhoria da comunica\u00e7\u00e3o no ambiente de trabalho \u00e9 essencial para o sucesso a curto, m\u00e9dio e longo prazos.<\/span><\/p>\n<p><span style=\"font-weight: 400;\">A <\/span><b>comunica\u00e7\u00e3o no ambiente de trabalho<\/b><span style=\"font-weight: 400;\"> n\u00e3o precisa ser complicada, mas exige aten\u00e7\u00e3o e esfor\u00e7o.<\/span><\/p>\n<p><span style=\"font-weight: 400;\">Quando feita de forma clara, objetiva e estrat\u00e9gica, ela pode transformar a din\u00e2mica da equipe, aumentar a produtividade e garantir que todos trabalhem juntos para alcan\u00e7ar os objetivos da empresa.<\/span><\/p>\n<p><span style=\"font-weight: 400;\">E n\u00e3o se esque\u00e7a: a comunica\u00e7\u00e3o \u00e9 uma via de m\u00e3o dupla. Ouvir \u00e9 t\u00e3o importante quanto falar.<\/span><\/p>\n<p><span style=\"font-weight: 400;\">Ent\u00e3o, da pr\u00f3xima vez que tiver algo a dizer, lembre-se de escolher o canal certo, ser claro e, acima de tudo, prestar aten\u00e7\u00e3o ao que os outros t\u00eam a dizer.<\/span><\/p>\n<p><span style=\"font-weight: 400;\">Afinal, em um bom ambiente de trabalho, todos precisam ter voz!<\/span><\/p>\n","protected":false},"excerpt":{"rendered":"<p>Uma boa comunica\u00e7\u00e3o no ambiente de trabalho \u00e9 fundamental para o sucesso de qualquer equipe.\u00a0 Ela pode ser comparada \u00e0quela brincadeira de telefone sem fio: se uma palavra n\u00e3o chega clara no final da linha, vira uma confus\u00e3o! E ningu\u00e9m quer que o trabalho vire uma bagun\u00e7a, n\u00e3o \u00e9 verdade?\u00a0 Dessa forma, falhas nesse aspecto&hellip;<\/p>\n","protected":false},"author":3,"featured_media":1101,"comment_status":"open","ping_status":"open","sticky":false,"template":"","format":"standard","meta":{"footnotes":""},"categories":[1],"tags":[],"post_series":[],"class_list":["post-1100","post","type-post","status-publish","format-standard","has-post-thumbnail","hentry","category-atendimento","entry","has-media"],"yoast_head":"<!-- This site is optimized with the Yoast SEO plugin v27.5 - https:\/\/yoast.com\/product\/yoast-seo-wordpress\/ -->\n<title>Comunica\u00e7\u00e3o no ambiente de trabalho: 10 dicas de como melhorar<\/title>\n<meta name=\"description\" content=\"A comunica\u00e7\u00e3o no ambiente de trabalho \u00e9 o que faz a roda girar. Sem ela, as coisas n\u00e3o acontecem ou acontecem da forma errada. Leia mais.\" \/>\n<meta name=\"robots\" content=\"index, follow, max-snippet:-1, max-image-preview:large, max-video-preview:-1\" \/>\n<link rel=\"canonical\" href=\"https:\/\/merx.app.br\/blog\/comunicacao-no-ambiente-de-trabalho\/\" \/>\n<meta property=\"og:locale\" content=\"pt_BR\" \/>\n<meta property=\"og:type\" content=\"article\" \/>\n<meta property=\"og:title\" content=\"Comunica\u00e7\u00e3o no ambiente de trabalho: 10 dicas de como melhorar\" \/>\n<meta property=\"og:description\" content=\"A comunica\u00e7\u00e3o no ambiente de trabalho \u00e9 o que faz a roda girar. Sem ela, as coisas n\u00e3o acontecem ou acontecem da forma errada. Leia mais.\" \/>\n<meta property=\"og:url\" content=\"https:\/\/merx.app.br\/blog\/comunicacao-no-ambiente-de-trabalho\/\" \/>\n<meta property=\"og:site_name\" content=\"Blog Merx\" \/>\n<meta property=\"article:published_time\" content=\"2024-09-04T14:05:59+00:00\" \/>\n<meta property=\"article:modified_time\" content=\"2024-09-04T14:07:49+00:00\" \/>\n<meta property=\"og:image\" content=\"https:\/\/merx.app.br\/blog\/wp-content\/uploads\/2024\/08\/comunicacao-no-ambiente-de-trabalho-merx.png\" \/>\n\t<meta property=\"og:image:width\" content=\"1000\" \/>\n\t<meta property=\"og:image:height\" content=\"500\" \/>\n\t<meta property=\"og:image:type\" content=\"image\/png\" \/>\n<meta name=\"author\" content=\"Geraldo Lucciani\" \/>\n<meta name=\"twitter:card\" content=\"summary_large_image\" \/>\n<meta name=\"twitter:label1\" content=\"Escrito por\" \/>\n\t<meta name=\"twitter:data1\" content=\"Geraldo Lucciani\" \/>\n\t<meta name=\"twitter:label2\" content=\"Est. tempo de leitura\" \/>\n\t<meta name=\"twitter:data2\" content=\"10 minutos\" \/>\n<script type=\"application\/ld+json\" class=\"yoast-schema-graph\">{\"@context\":\"https:\\\/\\\/schema.org\",\"@graph\":[{\"@type\":\"Article\",\"@id\":\"https:\\\/\\\/merx.app.br\\\/blog\\\/comunicacao-no-ambiente-de-trabalho\\\/#article\",\"isPartOf\":{\"@id\":\"https:\\\/\\\/merx.app.br\\\/blog\\\/comunicacao-no-ambiente-de-trabalho\\\/\"},\"author\":{\"name\":\"Geraldo Lucciani\",\"@id\":\"https:\\\/\\\/merx.app.br\\\/blog\\\/#\\\/schema\\\/person\\\/bc1d253d77a01ea42042d3051c11a300\"},\"headline\":\"Comunica\u00e7\u00e3o no ambiente de trabalho: 10 dicas de como melhorar\",\"datePublished\":\"2024-09-04T14:05:59+00:00\",\"dateModified\":\"2024-09-04T14:07:49+00:00\",\"mainEntityOfPage\":{\"@id\":\"https:\\\/\\\/merx.app.br\\\/blog\\\/comunicacao-no-ambiente-de-trabalho\\\/\"},\"wordCount\":1875,\"commentCount\":0,\"publisher\":{\"@id\":\"https:\\\/\\\/merx.app.br\\\/blog\\\/#organization\"},\"image\":{\"@id\":\"https:\\\/\\\/merx.app.br\\\/blog\\\/comunicacao-no-ambiente-de-trabalho\\\/#primaryimage\"},\"thumbnailUrl\":\"https:\\\/\\\/merx.app.br\\\/blog\\\/wp-content\\\/uploads\\\/2024\\\/08\\\/comunicacao-no-ambiente-de-trabalho-merx.png\",\"articleSection\":[\"Atendimento\"],\"inLanguage\":\"pt-BR\",\"potentialAction\":[{\"@type\":\"CommentAction\",\"name\":\"Comment\",\"target\":[\"https:\\\/\\\/merx.app.br\\\/blog\\\/comunicacao-no-ambiente-de-trabalho\\\/#respond\"]}]},{\"@type\":\"WebPage\",\"@id\":\"https:\\\/\\\/merx.app.br\\\/blog\\\/comunicacao-no-ambiente-de-trabalho\\\/\",\"url\":\"https:\\\/\\\/merx.app.br\\\/blog\\\/comunicacao-no-ambiente-de-trabalho\\\/\",\"name\":\"Comunica\u00e7\u00e3o no ambiente de trabalho: 10 dicas de como melhorar\",\"isPartOf\":{\"@id\":\"https:\\\/\\\/merx.app.br\\\/blog\\\/#website\"},\"primaryImageOfPage\":{\"@id\":\"https:\\\/\\\/merx.app.br\\\/blog\\\/comunicacao-no-ambiente-de-trabalho\\\/#primaryimage\"},\"image\":{\"@id\":\"https:\\\/\\\/merx.app.br\\\/blog\\\/comunicacao-no-ambiente-de-trabalho\\\/#primaryimage\"},\"thumbnailUrl\":\"https:\\\/\\\/merx.app.br\\\/blog\\\/wp-content\\\/uploads\\\/2024\\\/08\\\/comunicacao-no-ambiente-de-trabalho-merx.png\",\"datePublished\":\"2024-09-04T14:05:59+00:00\",\"dateModified\":\"2024-09-04T14:07:49+00:00\",\"description\":\"A comunica\u00e7\u00e3o no ambiente de trabalho \u00e9 o que faz a roda girar. Sem ela, as coisas n\u00e3o acontecem ou acontecem da forma errada. Leia mais.\",\"breadcrumb\":{\"@id\":\"https:\\\/\\\/merx.app.br\\\/blog\\\/comunicacao-no-ambiente-de-trabalho\\\/#breadcrumb\"},\"inLanguage\":\"pt-BR\",\"potentialAction\":[{\"@type\":\"ReadAction\",\"target\":[\"https:\\\/\\\/merx.app.br\\\/blog\\\/comunicacao-no-ambiente-de-trabalho\\\/\"]}]},{\"@type\":\"ImageObject\",\"inLanguage\":\"pt-BR\",\"@id\":\"https:\\\/\\\/merx.app.br\\\/blog\\\/comunicacao-no-ambiente-de-trabalho\\\/#primaryimage\",\"url\":\"https:\\\/\\\/merx.app.br\\\/blog\\\/wp-content\\\/uploads\\\/2024\\\/08\\\/comunicacao-no-ambiente-de-trabalho-merx.png\",\"contentUrl\":\"https:\\\/\\\/merx.app.br\\\/blog\\\/wp-content\\\/uploads\\\/2024\\\/08\\\/comunicacao-no-ambiente-de-trabalho-merx.png\",\"width\":1000,\"height\":500,\"caption\":\"Ilustra\u00e7\u00e3o com v\u00e1rias formas de comunica\u00e7\u00e3o no ambiente de trabalho.\"},{\"@type\":\"BreadcrumbList\",\"@id\":\"https:\\\/\\\/merx.app.br\\\/blog\\\/comunicacao-no-ambiente-de-trabalho\\\/#breadcrumb\",\"itemListElement\":[{\"@type\":\"ListItem\",\"position\":1,\"name\":\"In\u00edcio\",\"item\":\"https:\\\/\\\/merx.app.br\\\/blog\\\/\"},{\"@type\":\"ListItem\",\"position\":2,\"name\":\"Comunica\u00e7\u00e3o no ambiente de trabalho: 10 dicas de como melhorar\"}]},{\"@type\":\"WebSite\",\"@id\":\"https:\\\/\\\/merx.app.br\\\/blog\\\/#website\",\"url\":\"https:\\\/\\\/merx.app.br\\\/blog\\\/\",\"name\":\"Blog Merx\",\"description\":\"Transforme o atendimento digital da sua empresa\",\"publisher\":{\"@id\":\"https:\\\/\\\/merx.app.br\\\/blog\\\/#organization\"},\"potentialAction\":[{\"@type\":\"SearchAction\",\"target\":{\"@type\":\"EntryPoint\",\"urlTemplate\":\"https:\\\/\\\/merx.app.br\\\/blog\\\/?s={search_term_string}\"},\"query-input\":{\"@type\":\"PropertyValueSpecification\",\"valueRequired\":true,\"valueName\":\"search_term_string\"}}],\"inLanguage\":\"pt-BR\"},{\"@type\":\"Organization\",\"@id\":\"https:\\\/\\\/merx.app.br\\\/blog\\\/#organization\",\"name\":\"Blog Merx\",\"url\":\"https:\\\/\\\/merx.app.br\\\/blog\\\/\",\"logo\":{\"@type\":\"ImageObject\",\"inLanguage\":\"pt-BR\",\"@id\":\"https:\\\/\\\/merx.app.br\\\/blog\\\/#\\\/schema\\\/logo\\\/image\\\/\",\"url\":\"https:\\\/\\\/merx.app.br\\\/blog\\\/wp-content\\\/uploads\\\/2023\\\/06\\\/logoFooter.webp\",\"contentUrl\":\"https:\\\/\\\/merx.app.br\\\/blog\\\/wp-content\\\/uploads\\\/2023\\\/06\\\/logoFooter.webp\",\"width\":211,\"height\":60,\"caption\":\"Blog Merx\"},\"image\":{\"@id\":\"https:\\\/\\\/merx.app.br\\\/blog\\\/#\\\/schema\\\/logo\\\/image\\\/\"}},{\"@type\":\"Person\",\"@id\":\"https:\\\/\\\/merx.app.br\\\/blog\\\/#\\\/schema\\\/person\\\/bc1d253d77a01ea42042d3051c11a300\",\"name\":\"Geraldo Lucciani\",\"image\":{\"@type\":\"ImageObject\",\"inLanguage\":\"pt-BR\",\"@id\":\"https:\\\/\\\/merx.app.br\\\/blog\\\/wp-content\\\/litespeed\\\/avatar\\\/d5a7907a1b8f8a8f2bd7d685f3ffe634.jpg?ver=1777483650\",\"url\":\"https:\\\/\\\/merx.app.br\\\/blog\\\/wp-content\\\/litespeed\\\/avatar\\\/d5a7907a1b8f8a8f2bd7d685f3ffe634.jpg?ver=1777483650\",\"contentUrl\":\"https:\\\/\\\/merx.app.br\\\/blog\\\/wp-content\\\/litespeed\\\/avatar\\\/d5a7907a1b8f8a8f2bd7d685f3ffe634.jpg?ver=1777483650\",\"caption\":\"Geraldo Lucciani\"},\"description\":\"Geraldo Lucciani \u00e9 jornalista, especialista em Marketing Digital e Gestor Cultural. Apaixonado por tecnologia e internet, escreve conte\u00fados para sites, blogs e redes sociais desde 2016. Atua tamb\u00e9m na cena cultural da capital mineira produzindo espet\u00e1culos e trazendo nomes do humor para a cidade. Nas horas vagas, ama ler, assistir filmes, s\u00e9ries e, claro, pe\u00e7as de teatro.\",\"url\":\"https:\\\/\\\/merx.app.br\\\/blog\\\/author\\\/geraldo-lucciani\\\/\"}]}<\/script>\n<!-- \/ Yoast SEO plugin. -->","yoast_head_json":{"title":"Comunica\u00e7\u00e3o no ambiente de trabalho: 10 dicas de como melhorar","description":"A comunica\u00e7\u00e3o no ambiente de trabalho \u00e9 o que faz a roda girar. Sem ela, as coisas n\u00e3o acontecem ou acontecem da forma errada. Leia mais.","robots":{"index":"index","follow":"follow","max-snippet":"max-snippet:-1","max-image-preview":"max-image-preview:large","max-video-preview":"max-video-preview:-1"},"canonical":"https:\/\/merx.app.br\/blog\/comunicacao-no-ambiente-de-trabalho\/","og_locale":"pt_BR","og_type":"article","og_title":"Comunica\u00e7\u00e3o no ambiente de trabalho: 10 dicas de como melhorar","og_description":"A comunica\u00e7\u00e3o no ambiente de trabalho \u00e9 o que faz a roda girar. Sem ela, as coisas n\u00e3o acontecem ou acontecem da forma errada. Leia mais.","og_url":"https:\/\/merx.app.br\/blog\/comunicacao-no-ambiente-de-trabalho\/","og_site_name":"Blog Merx","article_published_time":"2024-09-04T14:05:59+00:00","article_modified_time":"2024-09-04T14:07:49+00:00","og_image":[{"width":1000,"height":500,"url":"https:\/\/merx.app.br\/blog\/wp-content\/uploads\/2024\/08\/comunicacao-no-ambiente-de-trabalho-merx.png","type":"image\/png"}],"author":"Geraldo Lucciani","twitter_card":"summary_large_image","twitter_misc":{"Escrito por":"Geraldo Lucciani","Est. tempo de leitura":"10 minutos"},"schema":{"@context":"https:\/\/schema.org","@graph":[{"@type":"Article","@id":"https:\/\/merx.app.br\/blog\/comunicacao-no-ambiente-de-trabalho\/#article","isPartOf":{"@id":"https:\/\/merx.app.br\/blog\/comunicacao-no-ambiente-de-trabalho\/"},"author":{"name":"Geraldo Lucciani","@id":"https:\/\/merx.app.br\/blog\/#\/schema\/person\/bc1d253d77a01ea42042d3051c11a300"},"headline":"Comunica\u00e7\u00e3o no ambiente de trabalho: 10 dicas de como melhorar","datePublished":"2024-09-04T14:05:59+00:00","dateModified":"2024-09-04T14:07:49+00:00","mainEntityOfPage":{"@id":"https:\/\/merx.app.br\/blog\/comunicacao-no-ambiente-de-trabalho\/"},"wordCount":1875,"commentCount":0,"publisher":{"@id":"https:\/\/merx.app.br\/blog\/#organization"},"image":{"@id":"https:\/\/merx.app.br\/blog\/comunicacao-no-ambiente-de-trabalho\/#primaryimage"},"thumbnailUrl":"https:\/\/merx.app.br\/blog\/wp-content\/uploads\/2024\/08\/comunicacao-no-ambiente-de-trabalho-merx.png","articleSection":["Atendimento"],"inLanguage":"pt-BR","potentialAction":[{"@type":"CommentAction","name":"Comment","target":["https:\/\/merx.app.br\/blog\/comunicacao-no-ambiente-de-trabalho\/#respond"]}]},{"@type":"WebPage","@id":"https:\/\/merx.app.br\/blog\/comunicacao-no-ambiente-de-trabalho\/","url":"https:\/\/merx.app.br\/blog\/comunicacao-no-ambiente-de-trabalho\/","name":"Comunica\u00e7\u00e3o no ambiente de trabalho: 10 dicas de como melhorar","isPartOf":{"@id":"https:\/\/merx.app.br\/blog\/#website"},"primaryImageOfPage":{"@id":"https:\/\/merx.app.br\/blog\/comunicacao-no-ambiente-de-trabalho\/#primaryimage"},"image":{"@id":"https:\/\/merx.app.br\/blog\/comunicacao-no-ambiente-de-trabalho\/#primaryimage"},"thumbnailUrl":"https:\/\/merx.app.br\/blog\/wp-content\/uploads\/2024\/08\/comunicacao-no-ambiente-de-trabalho-merx.png","datePublished":"2024-09-04T14:05:59+00:00","dateModified":"2024-09-04T14:07:49+00:00","description":"A comunica\u00e7\u00e3o no ambiente de trabalho \u00e9 o que faz a roda girar. Sem ela, as coisas n\u00e3o acontecem ou acontecem da forma errada. Leia mais.","breadcrumb":{"@id":"https:\/\/merx.app.br\/blog\/comunicacao-no-ambiente-de-trabalho\/#breadcrumb"},"inLanguage":"pt-BR","potentialAction":[{"@type":"ReadAction","target":["https:\/\/merx.app.br\/blog\/comunicacao-no-ambiente-de-trabalho\/"]}]},{"@type":"ImageObject","inLanguage":"pt-BR","@id":"https:\/\/merx.app.br\/blog\/comunicacao-no-ambiente-de-trabalho\/#primaryimage","url":"https:\/\/merx.app.br\/blog\/wp-content\/uploads\/2024\/08\/comunicacao-no-ambiente-de-trabalho-merx.png","contentUrl":"https:\/\/merx.app.br\/blog\/wp-content\/uploads\/2024\/08\/comunicacao-no-ambiente-de-trabalho-merx.png","width":1000,"height":500,"caption":"Ilustra\u00e7\u00e3o com v\u00e1rias formas de comunica\u00e7\u00e3o no ambiente de trabalho."},{"@type":"BreadcrumbList","@id":"https:\/\/merx.app.br\/blog\/comunicacao-no-ambiente-de-trabalho\/#breadcrumb","itemListElement":[{"@type":"ListItem","position":1,"name":"In\u00edcio","item":"https:\/\/merx.app.br\/blog\/"},{"@type":"ListItem","position":2,"name":"Comunica\u00e7\u00e3o no ambiente de trabalho: 10 dicas de como melhorar"}]},{"@type":"WebSite","@id":"https:\/\/merx.app.br\/blog\/#website","url":"https:\/\/merx.app.br\/blog\/","name":"Blog Merx","description":"Transforme o atendimento digital da sua empresa","publisher":{"@id":"https:\/\/merx.app.br\/blog\/#organization"},"potentialAction":[{"@type":"SearchAction","target":{"@type":"EntryPoint","urlTemplate":"https:\/\/merx.app.br\/blog\/?s={search_term_string}"},"query-input":{"@type":"PropertyValueSpecification","valueRequired":true,"valueName":"search_term_string"}}],"inLanguage":"pt-BR"},{"@type":"Organization","@id":"https:\/\/merx.app.br\/blog\/#organization","name":"Blog Merx","url":"https:\/\/merx.app.br\/blog\/","logo":{"@type":"ImageObject","inLanguage":"pt-BR","@id":"https:\/\/merx.app.br\/blog\/#\/schema\/logo\/image\/","url":"https:\/\/merx.app.br\/blog\/wp-content\/uploads\/2023\/06\/logoFooter.webp","contentUrl":"https:\/\/merx.app.br\/blog\/wp-content\/uploads\/2023\/06\/logoFooter.webp","width":211,"height":60,"caption":"Blog Merx"},"image":{"@id":"https:\/\/merx.app.br\/blog\/#\/schema\/logo\/image\/"}},{"@type":"Person","@id":"https:\/\/merx.app.br\/blog\/#\/schema\/person\/bc1d253d77a01ea42042d3051c11a300","name":"Geraldo Lucciani","image":{"@type":"ImageObject","inLanguage":"pt-BR","@id":"https:\/\/merx.app.br\/blog\/wp-content\/litespeed\/avatar\/d5a7907a1b8f8a8f2bd7d685f3ffe634.jpg?ver=1777483650","url":"https:\/\/merx.app.br\/blog\/wp-content\/litespeed\/avatar\/d5a7907a1b8f8a8f2bd7d685f3ffe634.jpg?ver=1777483650","contentUrl":"https:\/\/merx.app.br\/blog\/wp-content\/litespeed\/avatar\/d5a7907a1b8f8a8f2bd7d685f3ffe634.jpg?ver=1777483650","caption":"Geraldo Lucciani"},"description":"Geraldo Lucciani \u00e9 jornalista, especialista em Marketing Digital e Gestor Cultural. Apaixonado por tecnologia e internet, escreve conte\u00fados para sites, blogs e redes sociais desde 2016. Atua tamb\u00e9m na cena cultural da capital mineira produzindo espet\u00e1culos e trazendo nomes do humor para a cidade. Nas horas vagas, ama ler, assistir filmes, s\u00e9ries e, claro, pe\u00e7as de teatro.","url":"https:\/\/merx.app.br\/blog\/author\/geraldo-lucciani\/"}]}},"_links":{"self":[{"href":"https:\/\/merx.app.br\/blog\/wp-json\/wp\/v2\/posts\/1100","targetHints":{"allow":["GET"]}}],"collection":[{"href":"https:\/\/merx.app.br\/blog\/wp-json\/wp\/v2\/posts"}],"about":[{"href":"https:\/\/merx.app.br\/blog\/wp-json\/wp\/v2\/types\/post"}],"author":[{"embeddable":true,"href":"https:\/\/merx.app.br\/blog\/wp-json\/wp\/v2\/users\/3"}],"replies":[{"embeddable":true,"href":"https:\/\/merx.app.br\/blog\/wp-json\/wp\/v2\/comments?post=1100"}],"version-history":[{"count":0,"href":"https:\/\/merx.app.br\/blog\/wp-json\/wp\/v2\/posts\/1100\/revisions"}],"wp:featuredmedia":[{"embeddable":true,"href":"https:\/\/merx.app.br\/blog\/wp-json\/wp\/v2\/media\/1101"}],"wp:attachment":[{"href":"https:\/\/merx.app.br\/blog\/wp-json\/wp\/v2\/media?parent=1100"}],"wp:term":[{"taxonomy":"category","embeddable":true,"href":"https:\/\/merx.app.br\/blog\/wp-json\/wp\/v2\/categories?post=1100"},{"taxonomy":"post_tag","embeddable":true,"href":"https:\/\/merx.app.br\/blog\/wp-json\/wp\/v2\/tags?post=1100"},{"taxonomy":"post_series","embeddable":true,"href":"https:\/\/merx.app.br\/blog\/wp-json\/wp\/v2\/post_series?post=1100"}],"curies":[{"name":"wp","href":"https:\/\/api.w.org\/{rel}","templated":true}]}}